{"id":1380,"date":"2024-10-03T16:25:25","date_gmt":"2024-10-03T19:25:25","guid":{"rendered":"https:\/\/www.apema.com.br\/blog\/?p=1380"},"modified":"2024-10-03T16:25:28","modified_gmt":"2024-10-03T19:25:28","slug":"a-febrava-e-o-avanco-da-tecnologia-em-sistemas-de-refrigeracao-e-ar-condicionado","status":"publish","type":"post","link":"https:\/\/apema.com.br\/blog\/a-febrava-e-o-avanco-da-tecnologia-em-sistemas-de-refrigeracao-e-ar-condicionado\/","title":{"rendered":"A Febrava e o Avan\u00e7o da Tecnologia em Sistemas de Refrigera\u00e7\u00e3o e Ar Condicionado"},"content":{"rendered":"\n<p>A Febrava, Feira Internacional de Refrigera\u00e7\u00e3o, Ar Condicionado, Ventila\u00e7\u00e3o, Aquecimento e Tratamento do Ar, \u00e9 um dos eventos mais importantes do setor no Brasil e na Am\u00e9rica Latina. Realizada a cada dois anos, a Febrava re\u00fane profissionais, empresas e especialistas que buscam acompanhar as \u00faltimas tend\u00eancias e inova\u00e7\u00f5es em sistemas de refrigera\u00e7\u00e3o e ar condicionado. Neste texto, discutiremos como a Febrava desempenha um papel fundamental na dissemina\u00e7\u00e3o de conhecimento t\u00e9cnico e na promo\u00e7\u00e3o do avan\u00e7o tecnol\u00f3gico nesse campo.<\/p>\n\n\n\n<p><strong>A Import\u00e2ncia da Febrava para o Setor<\/strong><\/p>\n\n\n\n<p>A Febrava se destaca como uma plataforma de excel\u00eancia para a troca de informa\u00e7\u00f5es, experi\u00eancias e conhecimento entre os atores do mercado de refrigera\u00e7\u00e3o e ar condicionado. A cada edi\u00e7\u00e3o, o evento apresenta uma ampla gama de expositores que trazem novidades tecnol\u00f3gicas, produtos e servi\u00e7os que impulsionam a efici\u00eancia e a sustentabilidade dos sistemas de refrigera\u00e7\u00e3o e climatiza\u00e7\u00e3o.<\/p>\n\n\n\n<p><strong>Inova\u00e7\u00f5es Tecnol\u00f3gicas em Destaque<\/strong><\/p>\n\n\n\n<p>A cada edi\u00e7\u00e3o da Febrava, os visitantes t\u00eam a oportunidade de conhecer e interagir com as \u00faltimas inova\u00e7\u00f5es em tecnologia aplicada a sistemas de refrigera\u00e7\u00e3o e ar condicionado. A busca constante por maior efici\u00eancia energ\u00e9tica e sustentabilidade tem sido um dos principais motores desse setor nos \u00faltimos anos. Na Febrava, \u00e9 poss\u00edvel encontrar solu\u00e7\u00f5es que visam minimizar o consumo de energia, reduzir a emiss\u00e3o de gases de efeito estufa e melhorar a qualidade do ar interior.<\/p>\n\n\n\n<p><strong>Tend\u00eancias e Desafios do Setor<\/strong><\/p>\n\n\n\n<p>Al\u00e9m de apresentar as mais recentes inova\u00e7\u00f5es tecnol\u00f3gicas, a Febrava tamb\u00e9m serve como um espa\u00e7o para a discuss\u00e3o de tend\u00eancias e desafios que afetam o setor. A crescente preocupa\u00e7\u00e3o com a regulamenta\u00e7\u00e3o ambiental e a transi\u00e7\u00e3o para refrigerantes de baixo impacto ambiental s\u00e3o temas frequentemente abordados. Al\u00e9m disso, a busca por sistemas mais inteligentes e conectados, que utilizam automa\u00e7\u00e3o e controle avan\u00e7ado, tamb\u00e9m \u00e9 uma tend\u00eancia que ganha destaque na feira.<\/p>\n\n\n\n<p><strong>Networking e Aprendizado T\u00e9cnico<\/strong><\/p>\n\n\n\n<p>A Febrava oferece uma oportunidade \u00fanica para profissionais do setor expandirem sua rede de contatos e adquirirem conhecimento t\u00e9cnico de alto n\u00edvel. Os semin\u00e1rios, palestras e workshops realizados durante o evento re\u00fanem especialistas nacionais e internacionais que compartilham suas experi\u00eancias e conhecimentos.<\/p>\n\n\n\n<p><strong>A Febrava 2023: Pioneira em Sustentabilidade e Tecnologia<\/strong><\/p>\n\n\n\n<p>A Febrava 2023 se destacou como um evento pioneiro na promo\u00e7\u00e3o da sustentabilidade na cadeia de refrigera\u00e7\u00e3o e climatiza\u00e7\u00e3o. Com mais de 25 mil profissionais e 500 marcas presentes, ocupando uma \u00e1rea de 50 mil m\u00b2 no S\u00e3o Paulo Expo, a feira apresentou solu\u00e7\u00f5es e tecnologias focadas na efici\u00eancia energ\u00e9tica e conectividade.<\/p>\n\n\n\n<p>Os expositores impressionaram com inova\u00e7\u00f5es sustent\u00e1veis e solu\u00e7\u00f5es altamente conectadas, aproveitando o entusiasmo de um p\u00fablico \u00e1vido por conhecer as novidades ap\u00f3s quatro anos de espera pela realiza\u00e7\u00e3o da feira. O evento n\u00e3o apenas antecipou lan\u00e7amentos de produtos, mas tamb\u00e9m se consolidou como uma vitrine de tend\u00eancias do setor.<\/p>\n\n\n\n<p>A sustentabilidade foi um tema transversal entre os expositores, com produtos que visam reduzir o impacto ambiental, como o uso de refrigerantes de baixo impacto ambiental. Al\u00e9m disso, a conectividade por meio de ferramentas digitais e conex\u00e3o via Wi-Fi se destacou como uma tend\u00eancia importante.<\/p>\n\n\n\n<p><strong>O Futuro do Setor AVAC-R no Brasil<\/strong><\/p>\n\n\n\n<p>A Febrava desempenha um papel estrat\u00e9gico no mercado nacional de AVAC-R, que re\u00fane 320 mil profissionais e tem expectativa de movimentar R$ 40 bilh\u00f5es neste ano, segundo dados da Associa\u00e7\u00e3o Brasileira de Refrigera\u00e7\u00e3o, Ar-Condicionado, Ventila\u00e7\u00e3o e Aquecimento (ABRAVA).<\/p>\n\n\n\n<p>A feira n\u00e3o apenas apresentou produtos inovadores, mas tamb\u00e9m promoveu eventos simult\u00e2neos, como o XVIII Congresso Brasileiro de Refrigera\u00e7\u00e3o, Ar-condicionado, Ventila\u00e7\u00e3o, Aquecimento e Tratamento de ar (CONBRAVA), que abordou temas cr\u00edticos como efici\u00eancia energ\u00e9tica, qualidade do ar, fluido refrigerante e tratamento de \u00e1guas.<\/p>\n\n\n\n<p>A premia\u00e7\u00e3o Selo Destaque Inova\u00e7\u00e3o FEBRAVA 2023 reconheceu 76 produtos inovadores, destacando as solu\u00e7\u00f5es mais avan\u00e7adas para o setor AVAC-R. Al\u00e9m disso, a premia\u00e7\u00e3o Pr\u00eamio Nelson Baptista homenageou profissionais e empresas que se destacaram no evento.<\/p>\n\n\n\n<p><strong>Perspectivas para a Pr\u00f3xima Edi\u00e7\u00e3o<\/strong><\/p>\n\n\n\n<p>A pr\u00f3xima edi\u00e7\u00e3o da FEBRAVA j\u00e1 est\u00e1 programada para ocorrer de 9 a 12 de setembro de 2025, prometendo continuar impulsionando o setor de AVAC-R com inova\u00e7\u00e3o, sustentabilidade e conectividade.<\/p>\n\n\n\n<p>A Febrava se mant\u00e9m como um farol para os avan\u00e7os tecnol\u00f3gicos e sustent\u00e1veis no setor de refrigera\u00e7\u00e3o e ar condicionado, reunindo profissionais, empresas e especialistas em uma plataforma de excel\u00eancia para a troca de conhecimento e experi\u00eancias.<\/p>\n\n\n\n<p>Mais informa\u00e7\u00f5es em: www.febrava.com.br<\/p>\n\n\n\n<p><strong>Sobre a participa\u00e7\u00e3o da Apema<\/strong><\/p>\n\n\n\n<p>Agradecemos a todos que nos visitaram. A Febrava foi um verdadeiro sucesso gra\u00e7as a voc\u00eas! \u00c9 o apoio de profissionais, empresas e entusiastas do setor que fazem deste evento uma refer\u00eancia inigual\u00e1vel.<\/p>\n\n\n\n<p>Estamos ansiosos para as pr\u00f3ximas edi\u00e7\u00f5es e para continuar oferecendo solu\u00e7\u00f5es de excel\u00eancia para voc\u00eas. A busca por inova\u00e7\u00e3o e aprimoramento n\u00e3o param, e estamos comprometidos em trazer o que h\u00e1 de mais avan\u00e7ado em tecnologia e conhecimento t\u00e9cnico para atender \u00e0s demandas do mercado de refrigera\u00e7\u00e3o e ar condicionado.<\/p>\n\n\n\n<p>Fique ligado para mais novidades e eventos no futuro! A Febrava \u00e9 apenas o come\u00e7o de uma jornada cont\u00ednua em busca da excel\u00eancia e da sustentabilidade no universo da climatiza\u00e7\u00e3o e refrigera\u00e7\u00e3o. Esperamos v\u00ea-los novamente em breve para compartilhar novas conquistas e avan\u00e7os no nosso setor. At\u00e9 a pr\u00f3xima edi\u00e7\u00e3o da Febrava!<\/p>\n","protected":false},"excerpt":{"rendered":"<p>A Febrava, Feira Internacional de Refrigera\u00e7\u00e3o, Ar Condicionado, Ventila\u00e7\u00e3o, Aquecimento e Tratamento do Ar, \u00e9 um dos eventos mais importantes do setor no Brasil e na Am\u00e9rica Latina. Realizada a cada dois anos, a Febrava re\u00fane profissionais, empresas e especialistas que buscam acompanhar as \u00faltimas tend\u00eancias e inova\u00e7\u00f5es em sistemas de refrigera\u00e7\u00e3o e ar condicionado&#8230;.<\/p>\n","protected":false},"author":1,"featured_media":1382,"comment_status":"open","ping_status":"open","sticky":false,"template":"","format":"standard","meta":{"_kad_post_transparent":"","_kad_post_title":"","_kad_post_layout":"","_kad_post_sidebar_id":"","_kad_post_content_style":"","_kad_post_vertical_padding":"","_kad_post_feature":"","_kad_post_feature_position":"","_kad_post_header":false,"_kad_post_footer":false,"footnotes":""},"categories":[38],"tags":[],"class_list":["post-1380","post","type-post","status-publish","format-standard","has-post-thumbnail","hentry","category-equipamentos"],"_links":{"self":[{"href":"https:\/\/apema.com.br\/blog\/wp-json\/wp\/v2\/posts\/1380","targetHints":{"allow":["GET"]}}],"collection":[{"href":"https:\/\/apema.com.br\/blog\/wp-json\/wp\/v2\/posts"}],"about":[{"href":"https:\/\/apema.com.br\/blog\/wp-json\/wp\/v2\/types\/post"}],"author":[{"embeddable":true,"href":"https:\/\/apema.com.br\/blog\/wp-json\/wp\/v2\/users\/1"}],"replies":[{"embeddable":true,"href":"https:\/\/apema.com.br\/blog\/wp-json\/wp\/v2\/comments?post=1380"}],"version-history":[{"count":2,"href":"https:\/\/apema.com.br\/blog\/wp-json\/wp\/v2\/posts\/1380\/revisions"}],"predecessor-version":[{"id":1383,"href":"https:\/\/apema.com.br\/blog\/wp-json\/wp\/v2\/posts\/1380\/revisions\/1383"}],"wp:featuredmedia":[{"embeddable":true,"href":"https:\/\/apema.com.br\/blog\/wp-json\/wp\/v2\/media\/1382"}],"wp:attachment":[{"href":"https:\/\/apema.com.br\/blog\/wp-json\/wp\/v2\/media?parent=1380"}],"wp:term":[{"taxonomy":"category","embeddable":true,"href":"https:\/\/apema.com.br\/blog\/wp-json\/wp\/v2\/categories?post=1380"},{"taxonomy":"post_tag","embeddable":true,"href":"https:\/\/apema.com.br\/blog\/wp-json\/wp\/v2\/tags?post=1380"}],"curies":[{"name":"wp","href":"https:\/\/api.w.org\/{rel}","templated":true}]}}